{"id":6916,"date":"2023-07-06T11:07:49","date_gmt":"2023-07-06T09:07:49","guid":{"rendered":"https:\/\/blog.archipad.com\/?p=2475"},"modified":"2023-09-21T16:56:44","modified_gmt":"2023-09-21T16:56:44","slug":"interview-dophelie-ui-ux-designer","status":"publish","type":"post","link":"https:\/\/archipad.com\/fr\/interview-dophelie-ui-ux-designer\/","title":{"rendered":"Interview d&rsquo;Oph\u00e9lie, UI-UX Designer"},"content":{"rendered":"<p><em>Oph\u00e9lie a int\u00e9gr\u00e9 l\u2019\u00e9quipe Archipad il y a un peu plus d\u2019un an, en novembre 2021.<\/em><\/p>\n<p><strong>Quelles sont vos missions au sein d\u2019Archipad\u00a0?<\/strong><\/p>\n<p>Le but de mon travail est de concevoir en parall\u00e8le et en coh\u00e9rence les interfaces de l\u2019application et du cloud Archipad. J\u2019ai une double casquette car je suis designer UI-UX, UI pour user interface, UX pour user experience. Pour la partie UX, j\u2019ai le r\u00f4le d\u2019une architecte, pour prendre une m\u00e9taphore propre au b\u00e2timent. Je travaille sur la conception apr\u00e8s avoir d\u00e9fini les besoins de nos clients. L\u2019UI-designer est, quant \u00e0 lui, plut\u00f4t l\u2019architecte d\u2019int\u00e9rieur. Nous avons des fonctionnalit\u00e9s que nos clients aimeraient ou que nous aimerions concevoir et mon objectif est de mat\u00e9rialiser ces besoins clients en fonctionnalit\u00e9s qui puissent \u00eatre adapt\u00e9es \u00e0 Archipad. Nous en discutons avec l\u2019\u00e9quipe de conception, je r\u00e9alise ensuite des maquettes visuelles que je pr\u00e9sente aux d\u00e9veloppeurs qui sont charg\u00e9s de juger de leur viabilit\u00e9. Si ces premi\u00e8res maquettes sont valid\u00e9es, je d\u00e9veloppe de nouvelles maquettes plus r\u00e9alistes et complexes de ce \u00e0 quoi devrait ressembler la nouvelle fonctionnalit\u00e9 dans l\u2019interface, toujours en respectant la sym\u00e9trie, l\u2019ergonomie et la coh\u00e9rence de l\u2019existant. Je travaille avec les d\u00e9veloppeurs pour cr\u00e9er les designs qu\u2019ils vont concevoir.<\/p>\n<p><strong>Votre travail est donc un travail de collaboration\u2026<\/strong><\/p>\n<p>Je travaille au sein de l\u2019\u00e9quipe de conception qui intervient durant toute la phase de prototypage et de conception. Je m\u2019occupe de tout l\u2019aspect visuel du concept. Avec Mic, le responsable produit, et Fabien, le Product Owner, nous suivons tout un processus de r\u00e9flexion bas\u00e9 sur une \u00e9coute attentive du besoin de nos clients. Nous fixons ensemble nos diff\u00e9rents objectifs qu\u2019ils soient \u00e0 court terme ou \u00e0 tr\u00e8s long terme pour certains d\u2019entre eux. Nous d\u00e9finissons les t\u00e2ches prioritaires sur lesquelles les diff\u00e9rentes \u00e9quipes vont travailler dans les mois qui suivent. A partir de cette roadmap, j\u2019\u00e9labore les designs et les conceptions de la fonctionnalit\u00e9 que nous avons choisi d\u2019impl\u00e9menter dans les semaines \u00e0 venir en suivant des \u00e9tapes tr\u00e8s pr\u00e9cises d\u2019analyse et de d\u00e9veloppement.<\/p>\n<p>A l\u2019avenir, toujours dans une perspective d\u2019am\u00e9lioration continue, je devrais aller sur le terrain observer la fa\u00e7on dont nos utilisateurs se servent des fonctionnalit\u00e9s Archipad. Nos derni\u00e8res mises \u00e0 jour leur conviennent-elles\u00a0? Ont-ils des pistes d\u2019am\u00e9liorations\u00a0? L\u2019objectif est d\u2019am\u00e9liorer au fil du temps chaque fonctionnalit\u00e9 impl\u00e9ment\u00e9e. En tant qu\u2019UX designer, je me dois d\u2019\u00eatre la porte-parole de nos clients au sein de l\u2019entreprise. Chaque fois que nous r\u00e9fl\u00e9chissons \u00e0 une modification, je dois penser aux r\u00e9actions de nos utilisateurs. Cette modification va-t-elle leur plaire\u00a0? Quel va \u00eatre l\u2019impact pour eux\u00a0? Je cherche un entre-deux satisfaisant pour tous, clients et d\u00e9veloppeurs, un compromis fiable entre le souhait de nos clients et la complexit\u00e9 technique de nos conceptions.<\/p>\n<p><strong>Quel est votre parcours\u00a0?<\/strong><\/p>\n<p>Apr\u00e8s un BTS dans un tout autre domaine, j\u2019ai int\u00e9gr\u00e9 une pr\u00e9pa, puis une \u00e9cole sur les m\u00e9tiers du num\u00e9rique. Je suis titulaire d\u2019un Master II Expert en strat\u00e9gies digitales qui pr\u00e9parait, en autres, au design tout en offrant une vision globale du num\u00e9rique. Je suis arriv\u00e9e chez Archipad apr\u00e8s mes deux ans d\u2019alternance et une premi\u00e8re exp\u00e9rience professionnelle dans le d\u00e9veloppement d\u2019une application m\u00e9dicale.<\/p>\n<p><strong>Quand vous avez d\u00e9couvert l\u2019application Archipad, qu\u2019en avez-vous pens\u00e9\u00a0?<\/strong><\/p>\n<p>La premi\u00e8re qualit\u00e9 qui m\u2019a frapp\u00e9e est sa simplicit\u00e9. Fluide, rapide, l\u2019application fait gagner un temps fou \u00e0 ses utilisateurs. Et, j\u2019ai tout de suite aim\u00e9 son design tr\u00e8s \u00e9pur\u00e9, \u00e9l\u00e9gant et surtout facile \u00e0 comprendre.<\/p>\n<p><strong>Les objectifs que vous vous \u00eates fix\u00e9s\u00a0?<\/strong><\/p>\n<p>Simplifier et homog\u00e9n\u00e9iser la version Cloud d&rsquo;Archipad pour qu\u2019elle soit plus semblable \u00e0 la version tablette.<\/p>\n<p>Je projette \u00e9galement de rencontrer davantage nos clients pour discuter et r\u00e9fl\u00e9chir avec eux sur les am\u00e9liorations \u00e0 apporter \u00e0 la solution Archipad. L\u2019id\u00e9e serait de constituer un groupe d\u2019ambassadeurs avec lequel \u00e9changer en direct. Mon objectif est de pousser au maximum le contact avec nos utilisateurs pour designer au mieux leurs besoins en entreprenant avec eux toute une \u00e9tape d\u2019\u00e9tudes et de tests.<\/p>\n<p><strong>Travailler chez Archipad\u00a0?<\/strong><\/p>\n<p>Nous avons la chance de profiter d\u2019un cadre de travail superbe. Pouvoir travailler dans la nature, c\u2019est incomparable. J\u2019appr\u00e9cie la souplesse de nos horaires, la libert\u00e9 qui nous est laiss\u00e9e dans l\u2019organisation de nos t\u00e2ches, de nos emplois du temps, la possibilit\u00e9 de t\u00e9l\u00e9travailler quand nous le souhaitons. C\u2019est tr\u00e8s agr\u00e9able de travailler dans une bonne ambiance g\u00e9n\u00e9rale. Chacun d\u2019entre nous peut proposer des id\u00e9es qui seront entendues et prises en compte. J\u2019aime cet esprit de bienveillance qui r\u00e8gne en permanence. Travailler dans une entreprise \u00e0 taille humaine, c\u2019est important pour moi. Nous pouvons nous adresser directement \u00e0 chacun de nos coll\u00e8gues sans jamais avoir \u00e0 nous soucier d\u2019un protocole hi\u00e9rarchique. Si j\u2019ai une id\u00e9e, je peux la soumettre tout de suite \u00e0 Mic sans devoir passer par un n+1 ou un n+2. Et puis Archipad est une entreprise g\u00e9n\u00e9reuse. On ne manque jamais de rien, croissants, pizzas, salle de repos, nous sommes tr\u00e8s g\u00e2t\u00e9s\u00a0!<\/p>\n<p><em>Photographie : (c) DR<br \/>\n<\/em><\/p>\n","protected":false},"excerpt":{"rendered":"<p>Oph\u00e9lie a int\u00e9gr\u00e9 l\u2019\u00e9quipe Archipad il y a un peu plus d\u2019un an, en novembre 2021. Quelles sont vos missions au sein d\u2019Archipad\u00a0? Le but de mon travail est de concevoir en parall\u00e8le et en coh\u00e9rence les interfaces de l\u2019application et du cloud Archipad. J\u2019ai une double casquette car je suis designer UI-UX, UI pour [&hellip;]<\/p>\n","protected":false},"author":7,"featured_media":6920,"comment_status":"open","ping_status":"open","sticky":false,"template":"","format":"standard","meta":{"_jet_sm_ready_style":"","_jet_sm_style":"","_jet_sm_controls_values":"","_jet_sm_fonts_collection":"","_jet_sm_fonts_links":"","footnotes":""},"categories":[197],"tags":[228,209,208],"class_list":["post-6916","post","type-post","status-publish","format-standard","has-post-thumbnail","hentry","category-interview","tag-application","tag-archipad","tag-suivi-de-chantier"],"_links":{"self":[{"href":"https:\/\/archipad.com\/fr\/wp-json\/wp\/v2\/posts\/6916","targetHints":{"allow":["GET"]}}],"collection":[{"href":"https:\/\/archipad.com\/fr\/wp-json\/wp\/v2\/posts"}],"about":[{"href":"https:\/\/archipad.com\/fr\/wp-json\/wp\/v2\/types\/post"}],"author":[{"embeddable":true,"href":"https:\/\/archipad.com\/fr\/wp-json\/wp\/v2\/users\/7"}],"replies":[{"embeddable":true,"href":"https:\/\/archipad.com\/fr\/wp-json\/wp\/v2\/comments?post=6916"}],"version-history":[{"count":0,"href":"https:\/\/archipad.com\/fr\/wp-json\/wp\/v2\/posts\/6916\/revisions"}],"wp:featuredmedia":[{"embeddable":true,"href":"https:\/\/archipad.com\/fr\/wp-json\/wp\/v2\/media\/6920"}],"wp:attachment":[{"href":"https:\/\/archipad.com\/fr\/wp-json\/wp\/v2\/media?parent=6916"}],"wp:term":[{"taxonomy":"category","embeddable":true,"href":"https:\/\/archipad.com\/fr\/wp-json\/wp\/v2\/categories?post=6916"},{"taxonomy":"post_tag","embeddable":true,"href":"https:\/\/archipad.com\/fr\/wp-json\/wp\/v2\/tags?post=6916"}],"curies":[{"name":"wp","href":"https:\/\/api.w.org\/{rel}","templated":true}]}}