{"id":2776,"date":"2016-11-23T19:01:27","date_gmt":"2016-11-23T18:01:27","guid":{"rendered":"http:\/\/blog.archipad.com\/?p=725"},"modified":"2026-02-04T14:34:02","modified_gmt":"2026-02-04T14:34:02","slug":"architecte-recommandation-gaindetemps-logicielarchitecte","status":"publish","type":"post","link":"https:\/\/archipad.com\/fr\/architecte-recommandation-gaindetemps-logicielarchitecte\/","title":{"rendered":"Un architecte vous parle d&rsquo;Archipad"},"content":{"rendered":"<p><span class=\"wpex-text-highlight\"><strong>Archipad vous garantit un gain de temps et une fluidit\u00e9 continue au quotidien\u00a0!<\/strong><\/span><\/p>\n<p>Il nous a fait <strong>confiance<\/strong> \u2013 Gilles Fournerie, Architecte D.E., <em>soci\u00e9t\u00e9 Cobatech<\/em>.<\/p>\n<p><a href=\"https:\/\/archipad.com\/fr\/?architecte-recommandation-gaindetemps-logicielarchitecte-bouton1\"><img decoding=\"async\" class=\"aligncenter wp-image-1600 size-full\" src=\"https:\/\/archipad.com\/wp-content\/uploads\/2016\/11\/Decouvir-le-logiciel.png\" alt=\"\" width=\"225\" height=\"49\" \/><\/a><\/p>\n<p><span style=\"text-decoration: underline;\"><strong>Comment avez-vous entendu parler d\u2019Archipad\u00a0?<\/strong><\/span><\/p>\n<p><em>\u00ab\u00a0Par <strong>bouche \u00e0 oreille<\/strong> au sein de la profession. J\u2019ai rencontr\u00e9 de nombreux architectes et maitres d\u2019\u0153uvres qui utilisaient Archipad sur des chantiers et qui en \u00e9taient <strong>tr\u00e8s<\/strong> <strong>satisfaits<\/strong>, j\u2019ai donc d\u00e9cid\u00e9 de me lancer moi aussi\u00a0!\u00a0\u00bb<\/em><\/p>\n<p><span style=\"text-decoration: underline;\"><strong>Quels \u00e9taient vos besoins de d\u00e9part\u00a0?<\/strong><\/span><\/p>\n<p><em>\u00ab\u00a0Je faisais face \u00e0 un probl\u00e8me r\u00e9current\u00a0: je devais constamment \u00e9crire et ressaisir de nombreuses donn\u00e9es concernant l\u2019emplacement et la construction.<\/em><\/p>\n<p><em>Je souhaitais avoir la main sur le dossier acqu\u00e9reur et donc pouvoir le visualiser sur tablette et <strong>ne pas avoir \u00e0 ressaisir les r\u00e9serves et la localisation.\u00a0\u00bb<\/strong><\/em><\/p>\n<p>https:\/\/www.youtube.com\/watch?v=RVgT7PTxysU<\/p>\n<p><span style=\"text-decoration: underline;\"><strong>Pourquoi avoir choisi Archipad\u00a0?<\/strong><\/span><\/p>\n<p><span style=\"text-decoration: underline;\"><strong><a href=\"https:\/\/blog.archipad.com\/wp-content\/uploads\/2016\/11\/archipad-intuitif.png\" target=\"_blank\" rel=\"noopener noreferrer\"><img decoding=\"async\" class=\"alignleft wp-image-740\" title=\"archipad-tactile-intuitif\" src=\"https:\/\/blog.archipad.com\/wp-content\/uploads\/2016\/11\/archipad-intuitif-150x150.png\" alt=\"archipad-tactile-intuitif\" width=\"71\" height=\"71\" \/><\/a><\/strong><\/span><\/p>\n<p><em>\u00ab\u00a0J\u2019ai choisi Archipad car c\u2019est un syst\u00e8me tr\u00e8s \u00ab\u00a0APPLE\u00a0\u00bb dans l\u2019\u00e2me donc <strong>pratique<\/strong>, <strong>clair<\/strong> et visuellement clean.<\/em><\/p>\n<p><em>Je suis nul en informatique alors cela m\u2019a permis de fonctionner de fa\u00e7on plus pratique et plus fluide dans mes d\u00e9marches. Je pensais avoir besoin d\u2019une formation pour la prise en main, mais <strong>l\u2019application<\/strong> est tellement <strong>intuitive<\/strong> que ce n&rsquo;\u00e9tait pas n\u00e9cessaire.\u00a0\u00bb<\/em><\/p>\n<p><a href=\"https:\/\/archipad.com\/fr\/contact\/?architecte-recommandation-gaindetemps-logicielarchitecte-bouton2\"><img decoding=\"async\" class=\"aligncenter wp-image-1601 size-full\" src=\"https:\/\/archipad.com\/wp-content\/uploads\/2016\/11\/Demander-des-renseignements.png\" alt=\"\" width=\"296\" height=\"49\" \/><\/a><\/p>\n<p><span style=\"text-decoration: underline;\"><strong>Quelle est votre utilisation quotidienne d\u2019Archipad ? Quelle(s) fonctionnalit\u00e9(s) pr\u00e9f\u00e9rez-vous ?<\/strong><\/span><\/p>\n<p><em>\u00ab\u00a0Je m\u2019en sers principalement pour la gestion des OPR, ainsi que pour les phases de pr\u00e9-livraisons et de livraisons. \u00a0Les fonctionnalit\u00e9s li\u00e9es\u00a0 \u00e0 la <strong>gestion des r\u00e9serves<\/strong> sont tr\u00e8s pratiques, et me font <a href=\"https:\/\/archipad.com\/fr\/?architecte-recommandation-gaindetemps-logicielarchitecte\"><strong>gagner un temps consid\u00e9rable<\/strong><\/a>.\u00a0\u00bb<\/em><\/p>\n<p><span style=\"text-decoration: underline;\"><strong>Quelles \u00e9taient les difficult\u00e9s rencontr\u00e9es avant d\u2019utiliser Archipad\u00a0? Comment les avez-vous surmont\u00e9es\u00a0?<\/strong><\/span><\/p>\n<p><span style=\"text-decoration: underline;\"><strong><a href=\"https:\/\/blog.archipad.com\/wp-content\/uploads\/2016\/11\/partage-archipad-poignet-de-main.png\"><img loading=\"lazy\" decoding=\"async\" class=\"wp-image-731 alignleft\" src=\"https:\/\/blog.archipad.com\/wp-content\/uploads\/2016\/11\/partage-archipad-poignet-de-main-150x150.png\" alt=\"partage-archipad-poignet-de-main\" width=\"59\" height=\"59\" \/><\/a><\/strong><\/span><\/p>\n<p><em>\u00ab\u00a0Lors de la cr\u00e9ation du dossier, il y avait toujours des probl\u00e8mes pour disposer les diff\u00e9rents documents suivant le support fourni par l\u2019architecte. Le fait que nous puissions tous <strong>\u00eatre en partage <\/strong>donc voir les m\u00eames choses au m\u00eame moment, que chacun pense \u00e0 <strong>synchroniser<\/strong> et mettre \u00e0 jour les informations et le suivi chaque soir est une difficult\u00e9 en moins dans le d\u00e9roul\u00e9 d\u2019une journ\u00e9e de travail.\u00a0\u00bb<\/em><\/p>\n<p><span style=\"text-decoration: underline;\"><strong>Comment mettre \u00e0 jour mes plans ?<\/strong><\/span><\/p>\n<p><em>\u00ab\u00a0Lorsque j\u2019ai besoin de mettre \u00e0 jour un plan sur lequel j\u2019ai d\u00e9j\u00e0 pos\u00e9 des r\u00e9serves, il me suffit d\u2019importer le plan modifi\u00e9 et d\u2019utiliser le <strong>bouton \u00ab\u00a0Mettre \u00e0 Jour\u00a0\u00bb<\/strong> qui appara\u00eet automatiquement sur le plan.\u00a0\u00bb<\/em><\/p>\n<p><a href=\"https:\/\/archipad.com\/fr\/?architecte-recommandation-gaindetemps-logicielarchitecte-bouton3\"><img loading=\"lazy\" decoding=\"async\" class=\"aligncenter wp-image-1602 size-full\" src=\"https:\/\/archipad.com\/wp-content\/uploads\/2016\/11\/Decouvir-Archipad.png\" alt=\"\" width=\"213\" height=\"50\" \/><\/a><\/p>\n<p><span style=\"text-decoration: underline;\"><strong>Recommanderiez-vous Archipad\u00a0? Pourquoi ?<\/strong><\/span><\/p>\n<p><em><strong>\u00ab\u00a0Oui,<\/strong> je le recommande pour son c\u00f4t\u00e9 <strong>intuitif, intelligent et polyvalent<\/strong> .Les quelques fois o\u00f9 j\u2019ai eu des questions ou des demandes sp\u00e9cifiques j\u2019ai contact\u00e9 la hotline qui a \u00e9t\u00e9 extr\u00eamement r\u00e9active. La hotline est souvent disponible jusqu\u2019\u00e0 plus de 19H00, et c est tr\u00e8s appr\u00e9ciable.\u00a0\u00bb<\/em><\/p>\n<p><span style=\"text-decoration: underline;\"><strong>Quel gain de temps cela repr\u00e9sente dans votre travail ?<\/strong><\/span><\/p>\n<p><span style=\"text-decoration: underline;\"><strong><a href=\"https:\/\/blog.archipad.com\/wp-content\/uploads\/2016\/11\/gain-de-temps-arhcipad.png\"><img loading=\"lazy\" decoding=\"async\" class=\"wp-image-732 alignleft\" src=\"https:\/\/blog.archipad.com\/wp-content\/uploads\/2016\/11\/gain-de-temps-arhcipad-150x150.png\" alt=\"gain-de-temps-arhcipad\" width=\"58\" height=\"58\" \/><\/a><\/strong><\/span><\/p>\n<p><em>\u00ab\u00a0Avec Archipad je suis s\u00fbr de gagner du temps dans la r\u00e9alisation des diverses t\u00e2ches et missions au quotidien. Ce logiciel me permet de <strong>gagner au minimum 30% de temps<\/strong> sur les phases dont je parlais, ce qui n\u2019est bien-s\u00fbr pas n\u00e9gligeable.\u00a0\u00bb<\/em><\/p>\n<p><span style=\"text-decoration: underline;\"><strong>Avez-vous des retours positifs de la part de vos coll\u00e8gues et\/ou collaborateurs (ex : ma\u00eetre d\u2019\u0153uvre, chef de chantier, salari\u00e9, etc.)\u00a0?<\/strong><\/span><\/p>\n<p><em>\u00ab\u00a0Oui, mes <strong>collaborateurs en sont contents<\/strong>, m\u00eame si \u00e0 la fin de la journ\u00e9e le poids de la tablette se fait sentir. Au quotidien, cela reste un outil de travail dont on ne peut se passer.\u00a0\u00bb<\/em><\/p>\n<p>Vous aussi vous avez reconnu <span style=\"text-decoration: underline;\"><strong>vos besoins, vos difficult\u00e9s&#8230; ?<\/strong><\/span><\/p>\n<p>N&rsquo;h\u00e9sitez pas \u00e0\u00a0<strong>suivre la recommandation<\/strong> de Monsieur\u00a0Gilles Fournerie, Architecte D.E., soci\u00e9t\u00e9 Cobatech et <span class=\"wpex-text-highlight\"><a href=\"https:\/\/bit.ly\/2wOxQ0H\" target=\"_blank\" rel=\"noopener\"><strong>testez gratuitement Archipad.\u00a0<\/strong><\/a><\/span><\/p>\n<p>Vous avez des <strong>questions<\/strong> sur les fonctionnalit\u00e9s ? D\u00e9couvrez toutes les <a href=\"https:\/\/archipad.com\/fr\/toutes-les-fonctionnalites\/\">fonctionnalit\u00e9s d&rsquo;Archipad<\/a> sur notre site web !<\/p>\n<p>Une derni\u00e8re option: vous pouvez \u00e9galement contacter notre <a href=\"https:\/\/bit.ly\/2g3T6qG\" target=\"_blank\" rel=\"noopener\">service commercial<\/a> qui se fera un plaisir de vous fournir des informations compl\u00e9mentaires.<\/p>\n","protected":false},"excerpt":{"rendered":"<p>Archipad vous garantit un gain de temps et une fluidit\u00e9 continue au quotidien\u00a0! Il nous a fait confiance \u2013 Gilles Fournerie, Architecte D.E., soci\u00e9t\u00e9 Cobatech. Comment avez-vous entendu parler d\u2019Archipad\u00a0? \u00ab\u00a0Par bouche \u00e0 oreille au sein de la profession. J\u2019ai rencontr\u00e9 de nombreux architectes et maitres d\u2019\u0153uvres qui utilisaient Archipad sur des chantiers et qui [&hellip;]<\/p>\n","protected":false},"author":7,"featured_media":754,"comment_status":"open","ping_status":"open","sticky":false,"template":"","format":"standard","meta":{"_jet_sm_ready_style":"","_jet_sm_style":"","_jet_sm_controls_values":"","_jet_sm_fonts_collection":"","_jet_sm_fonts_links":"","footnotes":""},"categories":[392],"tags":[183,195],"class_list":["post-2776","post","type-post","status-publish","format-standard","has-post-thumbnail","hentry","category-sin-categorizar","tag-architecte","tag-temoignage-client-archipad"],"_links":{"self":[{"href":"https:\/\/archipad.com\/fr\/wp-json\/wp\/v2\/posts\/2776","targetHints":{"allow":["GET"]}}],"collection":[{"href":"https:\/\/archipad.com\/fr\/wp-json\/wp\/v2\/posts"}],"about":[{"href":"https:\/\/archipad.com\/fr\/wp-json\/wp\/v2\/types\/post"}],"author":[{"embeddable":true,"href":"https:\/\/archipad.com\/fr\/wp-json\/wp\/v2\/users\/7"}],"replies":[{"embeddable":true,"href":"https:\/\/archipad.com\/fr\/wp-json\/wp\/v2\/comments?post=2776"}],"version-history":[{"count":1,"href":"https:\/\/archipad.com\/fr\/wp-json\/wp\/v2\/posts\/2776\/revisions"}],"predecessor-version":[{"id":17389,"href":"https:\/\/archipad.com\/fr\/wp-json\/wp\/v2\/posts\/2776\/revisions\/17389"}],"wp:featuredmedia":[{"embeddable":true,"href":"https:\/\/archipad.com\/fr\/wp-json\/"}],"wp:attachment":[{"href":"https:\/\/archipad.com\/fr\/wp-json\/wp\/v2\/media?parent=2776"}],"wp:term":[{"taxonomy":"category","embeddable":true,"href":"https:\/\/archipad.com\/fr\/wp-json\/wp\/v2\/categories?post=2776"},{"taxonomy":"post_tag","embeddable":true,"href":"https:\/\/archipad.com\/fr\/wp-json\/wp\/v2\/tags?post=2776"}],"curies":[{"name":"wp","href":"https:\/\/api.w.org\/{rel}","templated":true}]}}