{"id":2769,"date":"2015-11-14T11:20:14","date_gmt":"2015-11-14T10:20:14","guid":{"rendered":"http:\/\/blog.archipad.com\/?p=492"},"modified":"2025-07-22T15:01:22","modified_gmt":"2025-07-22T15:01:22","slug":"le-bim-ou-en-est-on-en-france-2","status":"publish","type":"post","link":"https:\/\/archipad.com\/fr\/le-bim-ou-en-est-on-en-france-2\/","title":{"rendered":"Le BIM, o\u00f9 en est-on en France ?"},"content":{"rendered":"<p>Concernant le BIM (Building Information Modeling ou Management), la France ne serait pas en retard par rapport \u00e0 ses voisins europ\u00e9ens. Le sujet suscite l\u2019int\u00e9r\u00eat des diff\u00e9rents acteurs du b\u00e2timent de l\u2019hexagone. Associations professionnelles (Mediaconstruct, BIM France\u2026), bureaux d\u2019\u00e9tudes, experts, constructeurs, groupements professionnels (\u00e9conomistes, thermiciens, \u00e9lectriciens&#8230;) travaillent activement \u00e0 l\u2019int\u00e9gration de la maquette num\u00e9rique dans les pratiques. De nombreux \u00e9v\u00e8nements mettent le BIM \u00e0 l\u2019honneur. La presse sp\u00e9cialis\u00e9e et les sites Internet d\u00e9di\u00e9s au sujet participent \u00e0 la vulgarisation du BIM. Les pouvoirs publics multiplient \u00e9galement les initiatives pour encourager le d\u00e9veloppement du BIM comme moyen de contribuer significativement \u00e0 la r\u00e9duction des \u00e9nergies dans le b\u00e2timent.<\/p>\n<h1>Les professionnels du b\u00e2timent in\u00e9gaux devant le BIM<\/h1>\n<p>La pression sur la <strong>ma\u00eetrise des co\u00fbts<\/strong>, les <strong>d\u00e9lais<\/strong> et la <strong>comp\u00e9titivit\u00e9<\/strong> conduisent le secteur de la construction \u00e0 une profonde remise en question.<\/p>\n<p>Certains sont d\u00e9j\u00e0 pass\u00e9s au BIM\u00a0; d\u2019autres sont encore frileux. Selon la profession et la taille de l\u2019entreprise, la perception du BIM diff\u00e8re sensiblement. C\u2019est ce que r\u00e9v\u00e8le une enqu\u00eate men\u00e9e mi 2015 par Batiactu aupr\u00e8s d\u2019architectes, artisans, \u00e9conomistes de la construction et industriels. Cette <strong>\u00e9tude<\/strong>, baptis\u00e9e \u00ab\u00a0<em>Ma\u00eetres d&rsquo;\u0153uvre, artisans et chefs d&rsquo;entreprises, votre opinion sur le BIM<\/em>\u00ab\u00a0, r\u00e9v\u00e8le que <strong>92 % des ma\u00eetres d&rsquo;\u0153uvre ont d\u00e9j\u00e0 entendu parler du BIM<\/strong> contre seulement <strong>63 % des artisans<\/strong> et entreprises du b\u00e2timent. Un tiers des professionnels ayant r\u00e9pondu reconnaissent n&rsquo;avoir que \u00ab\u00a0quelques notions\u00a0\u00bb. Pour 61 % des ma\u00eetres d\u2019\u0153uvre et 57 % des artisans, il s\u2019agit d\u2019une m\u00e9thode de collaboration au quotidien pour tous les professionnels du b\u00e2timent. \u00a0Pour\u00a0respectivement 27 % et 34 % d&rsquo;entre eux, il s&rsquo;agir d&rsquo;une \u00e9volution de logiciel. D\u2019o\u00f9 l\u2019imp\u00e9rieuse n\u00e9cessit\u00e9 de disposer de syst\u00e8mes ouverts et accessibles \u00e0 tous les acteurs de la fili\u00e8re, notamment gr\u00e2ce \u00e0 des objets g\u00e9n\u00e9riques.<\/p>\n<p>Si 66 % des MOE et 81 % des artisans n\u2019avaient pas encore \u00e9t\u00e9 confront\u00e9s \u00e0 un projet n\u00e9cessitant des comp\u00e9tences en BIM, ils sont conscients de la n\u00e9cessit\u00e9 de se former (66 % des MOE et 54 % des artisans annoncent avoir l&rsquo;intention de le faire) car les march\u00e9s publics avec une clause BIM arrivent\u2026<\/p>\n<h2>Les pouvoirs publics, levier de d\u00e9veloppement du BIM<\/h2>\n<p>Au niveau europ\u00e9en, la directive \u00ab March\u00e9s publics \u00bb du 15 janvier 2014 recommandant l\u2019utilisation de processus num\u00e9riques lors des appels d\u2019offres de b\u00e2timents et d\u2019infrastructures publics a \u00e9t\u00e9 accueillie favorablement par les leaders de l\u2019architecture, de l\u2019ing\u00e9nierie et de la construction.<\/p>\n<p>Elle a \u00e9galement \u00e9t\u00e9 entendue au niveau national o\u00f9 le <strong>BIM sera obligatoire d\u00e8s 2017 pour les march\u00e9s publics d\u2019Etat,<\/strong> avec comme objectifs majeurs la r\u00e9duction des co\u00fbts de construction et le d\u00e9veloppement de l\u2019innovation.<\/p>\n<p>A noter \u00e9galement la cr\u00e9ation le 20 janvier 2015, dans le cadre du plan de relance de la construction, du Plan Transition Num\u00e9rique dans le B\u00e2timent. Dot\u00e9 de 20 Millions d\u2019Euros, il vise \u00e0 \u00ab\u00a0<strong><em>exp\u00e9rimenter, capitaliser, convaincre et donner envie<\/em><\/strong> <strong><em>de s&rsquo;approprier le num\u00e9rique<\/em><\/strong><em> dans le quotidien de l&rsquo;acte de construire\u00a0; <strong>permettre la mont\u00e9e en comp\u00e9tences des professionnels du b\u00e2timent<\/strong> autour du num\u00e9rique\u00a0; <strong>d\u00e9velopper un \u00e9cosyst\u00e8me num\u00e9rique de confiance<\/strong><\/em>\u00a0\u00bb.<\/p>\n<p>Des appels \u00e0 projet, appels \u00e0 manifestation d\u2019int\u00e9r\u00eat et appels d\u2019offre sont propos\u00e9s.<br \/>\nDe nombreux<strong> groupes de travail sont cr\u00e9\u00e9s par des associations et syndicats.<\/strong><\/p>\n<p>Certains s\u2019interrogent sur la n\u00e9cessit\u00e9 d\u2019aller plus loin pour encourager le d\u00e9ploiement du BIM avec, par exemple, un s<strong>outien financier aux PME qui investissent dans le BIM, via un cr\u00e9dit d\u2019imp\u00f4t<\/strong>. Une chose est sure, le BIM devra s\u2019adapter pour permettre le transfert des nouvelles m\u00e9thodes y compris sur les projets les plus modestes.<\/p>\n<p><a href=\"https:\/\/archipad.com\/fr\/?applicationsdediees\"><span class=\"wpex-text-highlight\"><strong>Certaines applications d\u00e9di\u00e9es aux professionnels de la construction sont disponibles \u00e0 la location \u00e0 moindre co\u00fbt, vous permettant d&rsquo;\u00e9viter les gros investissements pour une efficacit\u00e9 imm\u00e9diate.\u00a0<\/strong><\/span><\/a><\/p>\n","protected":false},"excerpt":{"rendered":"<p>Concernant le BIM (Building Information Modeling ou Management), la France ne serait pas en retard par rapport \u00e0 ses voisins europ\u00e9ens. Le sujet suscite l\u2019int\u00e9r\u00eat des diff\u00e9rents acteurs du b\u00e2timent de l\u2019hexagone. Associations professionnelles (Mediaconstruct, BIM France\u2026), bureaux d\u2019\u00e9tudes, experts, constructeurs, groupements professionnels (\u00e9conomistes, thermiciens, \u00e9lectriciens&#8230;) travaillent activement \u00e0 l\u2019int\u00e9gration de la maquette num\u00e9rique dans [&hellip;]<\/p>\n","protected":false},"author":7,"featured_media":2664,"comment_status":"open","ping_status":"open","sticky":false,"template":"","format":"standard","meta":{"_jet_sm_ready_style":"","_jet_sm_style":"","_jet_sm_controls_values":"","_jet_sm_fonts_collection":"","_jet_sm_fonts_links":"","footnotes":""},"categories":[181],"tags":[180,208],"class_list":["post-2769","post","type-post","status-publish","format-standard","has-post-thumbnail","hentry","category-modelisation-donnees-batiment","tag-bim","tag-suivi-de-chantier"],"_links":{"self":[{"href":"https:\/\/archipad.com\/fr\/wp-json\/wp\/v2\/posts\/2769","targetHints":{"allow":["GET"]}}],"collection":[{"href":"https:\/\/archipad.com\/fr\/wp-json\/wp\/v2\/posts"}],"about":[{"href":"https:\/\/archipad.com\/fr\/wp-json\/wp\/v2\/types\/post"}],"author":[{"embeddable":true,"href":"https:\/\/archipad.com\/fr\/wp-json\/wp\/v2\/users\/7"}],"replies":[{"embeddable":true,"href":"https:\/\/archipad.com\/fr\/wp-json\/wp\/v2\/comments?post=2769"}],"version-history":[{"count":0,"href":"https:\/\/archipad.com\/fr\/wp-json\/wp\/v2\/posts\/2769\/revisions"}],"wp:featuredmedia":[{"embeddable":true,"href":"https:\/\/archipad.com\/fr\/wp-json\/wp\/v2\/media\/2664"}],"wp:attachment":[{"href":"https:\/\/archipad.com\/fr\/wp-json\/wp\/v2\/media?parent=2769"}],"wp:term":[{"taxonomy":"category","embeddable":true,"href":"https:\/\/archipad.com\/fr\/wp-json\/wp\/v2\/categories?post=2769"},{"taxonomy":"post_tag","embeddable":true,"href":"https:\/\/archipad.com\/fr\/wp-json\/wp\/v2\/tags?post=2769"}],"curies":[{"name":"wp","href":"https:\/\/api.w.org\/{rel}","templated":true}]}}