{"id":1985,"date":"2020-11-11T14:11:15","date_gmt":"2020-11-11T13:11:15","guid":{"rendered":"https:\/\/blog.archipad.com\/?p=1985"},"modified":"2023-09-21T15:56:16","modified_gmt":"2023-09-21T15:56:16","slug":"mise-a-jour-7-5-1","status":"publish","type":"post","link":"https:\/\/archipad.com\/fr\/mise-a-jour-7-5-1\/","title":{"rendered":"Mise \u00e0 jour 7.5.1 :  Archipad am\u00e9liore la g\u00e9n\u00e9ration des mod\u00e8les de rapports"},"content":{"rendered":"<p>Afin de toujours optimiser votre temps de travail, Archipad a am\u00e9lior\u00e9 vos mod\u00e8les de rapports.<\/p>\n<p>Gr\u00e2ce \u00e0 sa derni\u00e8re mise \u00e0 jour 7.5.1, Archipad vous offre maintenant la possibilit\u00e9 de :<\/p>\n<ul>\n<li style=\"font-weight: 400;\"><span style=\"font-weight: 400;\"><span style=\"font-weight: 400;\">Partager vos mod\u00e8les de rapports avec les collaborateurs du projet sur Archipad Cloud et les retrouver dans Archipad App. Gagner du temps et en faire gagner \u00e0 vos collaborateurs en leur permettant d\u2019utiliser la m\u00eame configuration de mod\u00e8les de rapports, sans avoir \u00e0 tout recr\u00e9er.<br \/>\n<\/span><\/span><\/li>\n<li style=\"font-weight: 400;\">Verrouiller la mise en page de vos mod\u00e8les de rapports ou laisser vos collaborateurs la configurer. Fixer certains param\u00e8tres de votre mod\u00e8le pour exiger que les rapports d\u2019un m\u00eame projet, soient fait \u00e0 partir du m\u00eame mod\u00e8le.<\/li>\n<li style=\"font-weight: 400;\">R\u00e9initialiser les param\u00e8tres de configuration de votre rapport. Cette fonction vous permet, une fois votre mod\u00e8le modifi\u00e9 de revenir \u00e0 la configuration que vous aviez enregistr\u00e9 de votre mod\u00e8le de rapport, sans avoir \u00e0 le recr\u00e9er.<\/li>\n<\/ul>\n<h2>Partage de mod\u00e8les de rapports avec vos collaborateurs<\/h2>\n<p>Vous avez aujourd\u2019hui la possibilit\u00e9 de partager vos mod\u00e8les de rapports, avec vos collaborateurs du m\u00eame projet, sur Archipad Cloud, puis de les retrouver sur Archipad App.<\/p>\n<p><img fetchpriority=\"high\" decoding=\"async\" class=\"aligncenter size-full wp-image-1990\" src=\"https:\/\/blog.archipad.com\/wp-content\/uploads\/2020\/11\/Visuel-APP-.jpg\" alt=\"\" width=\"1024\" height=\"768\" srcset=\"https:\/\/archipad.com\/wp-content\/uploads\/2020\/11\/Visuel-APP-.jpg 1024w, https:\/\/archipad.com\/wp-content\/uploads\/2020\/11\/Visuel-APP--300x225.jpg 300w, https:\/\/archipad.com\/wp-content\/uploads\/2020\/11\/Visuel-APP--768x576.jpg 768w\" sizes=\"(max-width: 1024px) 100vw, 1024px\" \/><\/p>\n<p>Une fois votre mod\u00e8le de rapport cr\u00e9\u00e9, vous pouvez le \u00ab copier dans le projet \u00bb.<\/p>\n<p><img decoding=\"async\" class=\"aligncenter size-full wp-image-1995\" src=\"https:\/\/blog.archipad.com\/wp-content\/uploads\/2020\/11\/Visuel-1-_Copier_.jpg\" alt=\"\" width=\"2870\" height=\"1678\" \/><\/p>\n<p>Vos participants pourront retrouver ce mod\u00e8le dans la section \u00ab mod\u00e8les de rapports \u00bb puis dans \u00ab Mod\u00e8les de rapports du projet \u00bb.<\/p>\n<p><img decoding=\"async\" class=\"aligncenter size-full wp-image-1994\" src=\"https:\/\/blog.archipad.com\/wp-content\/uploads\/2020\/11\/Visuel-2-.jpg\" alt=\"\" width=\"2880\" height=\"1346\" \/><\/p>\n<p>Ainsi, les participants du projet pourront \u00e9galement utiliser ce mod\u00e8le pour g\u00e9n\u00e9rer leurs rapports.<\/p>\n<p><img loading=\"lazy\" decoding=\"async\" class=\"aligncenter size-full wp-image-1993\" src=\"https:\/\/blog.archipad.com\/wp-content\/uploads\/2020\/11\/Visuel-3.jpg\" alt=\"\" width=\"2880\" height=\"1346\" \/><\/p>\n<p>Ce mod\u00e8le \u00e9tant une copie, l\u2019utilisateur dispose de sa version du mod\u00e8le de rapport ainsi que celle du projet.<\/p>\n<h2>La mise en page fixe<\/h2>\n<p>Une nouvelle option vous donne la possibilit\u00e9 de revenir en arri\u00e8re sur le verrouillage de la mise en page de vos mod\u00e8les de rapports.<\/p>\n<p>En effet, quand l\u2019option \u00ab Mise en page fixe \u00bb est active, aucun param\u00e8tre de ce mod\u00e8le ne peut \u00eatre chang\u00e9 \u00e0 la g\u00e9n\u00e9ration d\u2019un rapport, \u00e0 l\u2019exception des param\u00e8tres de g\u00e9n\u00e9ration tels que : le nom du fichier, la visite concern\u00e9e, les lots de travaux et les plans concern\u00e9s ainsi que les d\u00e9finitions de formulaires.<\/p>\n<p><img loading=\"lazy\" decoding=\"async\" class=\"aligncenter size-full wp-image-1992\" src=\"https:\/\/blog.archipad.com\/wp-content\/uploads\/2020\/11\/Visuel-4.jpg\" alt=\"\" width=\"2880\" height=\"1346\" \/><\/p>\n<p>Vous et vos participants, pouvez tout de m\u00eame, modifier des param\u00e8tres en d\u00e9sactivant cette option.<\/p>\n<h2>R\u00e9initialisation des param\u00e8tres<\/h2>\n<p>A la g\u00e9n\u00e9ration d\u2019un rapport, apr\u00e8s la modification de certains param\u00e8tres pr\u00e9-enregistr\u00e9s dans votre mod\u00e8le de rapport, vous pouvez maintenant les r\u00e9initialiser. Ainsi, en cliquant sur le bouton \u00ab Restaurer les valeurs par d\u00e9faut \u00bb, vous retrouvez tous les param\u00e8tres de mise en page, configur\u00e9s pr\u00e9alablement pour ce mod\u00e8le de rapport.<\/p>\n<p><img loading=\"lazy\" decoding=\"async\" class=\"aligncenter size-full wp-image-1991\" src=\"https:\/\/blog.archipad.com\/wp-content\/uploads\/2020\/11\/Visuel-5-restor.jpg\" alt=\"\" width=\"2880\" height=\"1346\" \/><\/p>\n<h2>Mise \u00e0 jour Apple<\/h2>\n<p>Une nouvelle mise \u00e0 jour Apple (iOS 14) est sortie r\u00e9cemment. Vous pouvez effectuer cette mise \u00e0 jour sans crainte pour vos projets Archipad. Tous les tests ont \u00e9t\u00e9 r\u00e9alis\u00e9s, nous sommes donc compatibles avec cette nouvelle version.<\/p>\n<h2>D\u00e9couvrir gratuitement les solutions Archipad<\/h2>\n<p style=\"text-align: center;\"><a href=\"https:\/\/goo.gl\/DkgAvs\" target=\"_blank\" rel=\"noopener\"><strong>1 mois d\u2019essai Archipad Premium offert :<\/strong><\/a>\u00a0<a href=\"https:\/\/archipad.fr\/tarifs\/\" target=\"_blank\" rel=\"https:\/\/cloud.archipad.com\/ noopener noreferrer\"><img loading=\"lazy\" decoding=\"async\" class=\"aligncenter wp-image-1950 size-full\" src=\"https:\/\/blog.archipad.com\/wp-content\/uploads\/2020\/06\/CTA-decouvrez-archipad.jpg\" alt=\"\" width=\"350\" height=\"80\" srcset=\"https:\/\/archipad.com\/wp-content\/uploads\/2020\/06\/CTA-decouvrez-archipad.jpg 350w, https:\/\/archipad.com\/wp-content\/uploads\/2020\/06\/CTA-decouvrez-archipad-300x69.jpg 300w\" sizes=\"(max-width: 350px) 100vw, 350px\" \/><\/a><\/p>\n","protected":false},"excerpt":{"rendered":"<p>Afin de toujours optimiser votre temps de travail, Archipad a am\u00e9lior\u00e9 vos mod\u00e8les de rapports. Gr\u00e2ce \u00e0 sa derni\u00e8re mise \u00e0 jour 7.5.1, Archipad vous offre maintenant la possibilit\u00e9 de : Partager vos mod\u00e8les de rapports avec les collaborateurs du projet sur Archipad Cloud et les retrouver dans Archipad App. Gagner du temps et en [&hellip;]<\/p>\n","protected":false},"author":7,"featured_media":1996,"comment_status":"open","ping_status":"open","sticky":false,"template":"","format":"standard","meta":{"_jet_sm_ready_style":"","_jet_sm_style":"","_jet_sm_controls_values":"","_jet_sm_fonts_collection":"","_jet_sm_fonts_links":"","footnotes":""},"categories":[202],"tags":[186,191,189,353],"class_list":["post-1985","post","type-post","status-publish","format-standard","has-post-thumbnail","hentry","category-mise-a-jour","tag-archipad-app","tag-archipad-cloud","tag-nouvelle-version-archipad","tag-rapports"],"_links":{"self":[{"href":"https:\/\/archipad.com\/fr\/wp-json\/wp\/v2\/posts\/1985","targetHints":{"allow":["GET"]}}],"collection":[{"href":"https:\/\/archipad.com\/fr\/wp-json\/wp\/v2\/posts"}],"about":[{"href":"https:\/\/archipad.com\/fr\/wp-json\/wp\/v2\/types\/post"}],"author":[{"embeddable":true,"href":"https:\/\/archipad.com\/fr\/wp-json\/wp\/v2\/users\/7"}],"replies":[{"embeddable":true,"href":"https:\/\/archipad.com\/fr\/wp-json\/wp\/v2\/comments?post=1985"}],"version-history":[{"count":0,"href":"https:\/\/archipad.com\/fr\/wp-json\/wp\/v2\/posts\/1985\/revisions"}],"wp:featuredmedia":[{"embeddable":true,"href":"https:\/\/archipad.com\/fr\/wp-json\/wp\/v2\/media\/1996"}],"wp:attachment":[{"href":"https:\/\/archipad.com\/fr\/wp-json\/wp\/v2\/media?parent=1985"}],"wp:term":[{"taxonomy":"category","embeddable":true,"href":"https:\/\/archipad.com\/fr\/wp-json\/wp\/v2\/categories?post=1985"},{"taxonomy":"post_tag","embeddable":true,"href":"https:\/\/archipad.com\/fr\/wp-json\/wp\/v2\/tags?post=1985"}],"curies":[{"name":"wp","href":"https:\/\/api.w.org\/{rel}","templated":true}]}}